{"id":1366,"date":"2015-09-18T12:18:57","date_gmt":"2015-09-18T10:18:57","guid":{"rendered":"http:\/\/riuraueditors.cat\/blog\/?p=1366"},"modified":"2019-01-02T15:34:29","modified_gmt":"2019-01-02T14:34:29","slug":"boulez-entre-nosaltres-i-ja-era-hora-de-guillem-calaforra","status":"publish","type":"post","link":"https:\/\/riuraueditors.cat\/blog\/?p=1366","title":{"rendered":"&#8216;Boulez entre nosaltres (i ja era hora)&#8217; de Guillem Calaforra"},"content":{"rendered":"<p><a href=\"http:\/\/riuraueditors.cat\/blog\/wp-content\/uploads\/2014\/11\/43-98-large.jpg\"><img loading=\"lazy\" decoding=\"async\" class=\"alignleft size-medium wp-image-1317\" src=\"http:\/\/riuraueditors.cat\/blog\/wp-content\/uploads\/2014\/11\/43-98-large-200x300.jpg\" alt=\"Per voluntat i per atzar\" width=\"200\" height=\"300\" srcset=\"https:\/\/riuraueditors.cat\/blog\/wp-content\/uploads\/2014\/11\/43-98-large-200x300.jpg 200w, https:\/\/riuraueditors.cat\/blog\/wp-content\/uploads\/2014\/11\/43-98-large.jpg 310w\" sizes=\"auto, (max-width: 200px) 100vw, 200px\" \/><\/a>(Article publicat a la revista <i>L&#8217;Espill<\/i>, n\u00fam. 29, primavera del 2015.)<\/p>\n<p class=\"western\" align=\"justify\"><span lang=\"ca-ES\"><i><a href=\"https:\/\/riuraueditors.cat\/llibres\/per-voluntat-i-per-atzar-9788494324901.html\">Per voluntat i per atzar. Entrevistes amb C\u00e9lestin Deli\u00e8ge.<\/a><br \/>\n<\/i><\/span><span lang=\"ca-ES\">183 p\u00e0g., 2014, Riurau Editors<\/span><\/p>\n<p>Imaginem que li preguntem, al lector d\u2019aquesta recensi\u00f3, si coneix alg\u00fa que hagi llegit algun llibre de Pierre Boulez. Posem-nos en la tessitura m\u00e9s optimista, i imaginem que coneix una persona que va llegir fa temps <i>Puntos de referencia<\/i> \u2014una mena d\u2019antologia en castell\u00e0 dels tres volums de <i>Points de rep\u00e8re\u2014<\/i>, o potser <i>Pensar la m\u00fasica hoy<\/i>. Aquesta persona ser\u00e0, amb un 90% (?) de probabilitats, un m\u00fasic professional en actiu. En algun altre cas molt excepcional, o b\u00e9 es tractar\u00e0 d\u2019una persona de cultura universit\u00e0ria (un professor d\u2019est\u00e8tica?) o b\u00e9 haur\u00e0 llegit algun llibre de Boulez en franc\u00e8s. La immensa, descoratjadorament immensa majoria dels mel\u00f2mans de casa nostra no ha llegit cap llibre de Boulez, ni en castell\u00e0, ni en franc\u00e8s, ni en cap altre idioma. Buscar les causes d\u2019aquest fet ens podria portar a molts temes connectats, i el m\u00e9s rellevant no \u00e9s, al meu parer, el fet que Boulez sigui un compositor de m\u00fasica <i>cl\u00e0ssica contempor\u00e0nia<\/i>.<\/p>\n<p>Ll\u00edria presumeix des de fa anys de ser \u00abla ciutat de la m\u00fasica\u00bb, com tantes altres ciutats i pobles: fa ben pocs anys que un pol\u00edtic local pretenia aconseguir el mateix t\u00edtol honor\u00edfic per a Val\u00e8ncia. Precisament per a Val\u00e8ncia! Permeteu-me, benvolgut lector, que expliqui una an\u00e8cdota personal. [Continueu llegint l&#8217;<a href=\"http:\/\/riuraueditors.cat\/blog\/wp-content\/uploads\/2015\/09\/LEspill_49-GuillemCalaforra.pdf\">article complet en PDF<\/a>]<\/p>\n","protected":false},"excerpt":{"rendered":"<p>(Article publicat a la revista L&#8217;Espill, n\u00fam. 29, primavera del 2015.) Per voluntat i per atzar. Entrevistes amb C\u00e9lestin Deli\u00e8ge. 183 p\u00e0g., 2014, Riurau Editors Imaginem que li preguntem, al lector d\u2019aquesta recensi\u00f3, si coneix alg\u00fa que hagi llegit algun llibre de Pierre Boulez. Posem-nos en la tessitura m\u00e9s optimista, i imaginem que coneix una &hellip; <a href=\"https:\/\/riuraueditors.cat\/blog\/?p=1366\" class=\"more-link\">Continua la lectura de <span class=\"screen-reader-text\">&#8216;Boulez entre nosaltres (i ja era hora)&#8217; de Guillem Calaforra<\/span><\/a><\/p>\n","protected":false},"author":1,"featured_media":0,"comment_status":"closed","ping_status":"closed","sticky":false,"template":"","format":"standard","meta":{"footnotes":""},"categories":[23,6,28],"tags":[74,136,114],"class_list":["post-1366","post","type-post","status-publish","format-standard","hentry","category-articles","category-premsa","category-ressenyes","tag-guillem-calaforra","tag-pierre-boulez","tag-vicent-minguet"],"_links":{"self":[{"href":"https:\/\/riuraueditors.cat\/blog\/index.php?rest_route=\/wp\/v2\/posts\/1366","targetHints":{"allow":["GET"]}}],"collection":[{"href":"https:\/\/riuraueditors.cat\/blog\/index.php?rest_route=\/wp\/v2\/posts"}],"about":[{"href":"https:\/\/riuraueditors.cat\/blog\/index.php?rest_route=\/wp\/v2\/types\/post"}],"author":[{"embeddable":true,"href":"https:\/\/riuraueditors.cat\/blog\/index.php?rest_route=\/wp\/v2\/users\/1"}],"replies":[{"embeddable":true,"href":"https:\/\/riuraueditors.cat\/blog\/index.php?rest_route=%2Fwp%2Fv2%2Fcomments&post=1366"}],"version-history":[{"count":2,"href":"https:\/\/riuraueditors.cat\/blog\/index.php?rest_route=\/wp\/v2\/posts\/1366\/revisions"}],"predecessor-version":[{"id":1413,"href":"https:\/\/riuraueditors.cat\/blog\/index.php?rest_route=\/wp\/v2\/posts\/1366\/revisions\/1413"}],"wp:attachment":[{"href":"https:\/\/riuraueditors.cat\/blog\/index.php?rest_route=%2Fwp%2Fv2%2Fmedia&parent=1366"}],"wp:term":[{"taxonomy":"category","embeddable":true,"href":"https:\/\/riuraueditors.cat\/blog\/index.php?rest_route=%2Fwp%2Fv2%2Fcategories&post=1366"},{"taxonomy":"post_tag","embeddable":true,"href":"https:\/\/riuraueditors.cat\/blog\/index.php?rest_route=%2Fwp%2Fv2%2Ftags&post=1366"}],"curies":[{"name":"wp","href":"https:\/\/api.w.org\/{rel}","templated":true}]}}