{"id":1384,"date":"2016-07-11T14:29:22","date_gmt":"2016-07-11T12:29:22","guid":{"rendered":"http:\/\/riuraueditors.cat\/blog\/?p=1384"},"modified":"2025-04-23T12:28:06","modified_gmt":"2025-04-23T10:28:06","slug":"amb-els-ulls-duna-nena-de-dotze-anys-presentacio-a-benifairo-juliol-del-2016","status":"publish","type":"post","link":"https:\/\/riuraueditors.cat\/blog\/?p=1384","title":{"rendered":"&#8216;Amb els ulls d&#8217;una nena de dotze anys&#8217;, presentaci\u00f3 a Benifair\u00f3, juliol del 2016"},"content":{"rendered":"<p>Guillem Calaforra i Josep Conill parlaran sobre el dietari de Janina Hescheles <i><a href=\"https:\/\/riuraueditors.cat\/llibres\/amb-els-ulls-d-una-nena-de-dotze-anys-9788493831585.html\">Amb els ulls d&#8217;una nena de dotze anys<\/a><\/i>. Ser\u00e0 el 15 de juliol del 2016, a Benifair\u00f3 de la Valldigna, a les 20 h, dins del cicle &#8220;Literatura a la pla\u00e7a&#8221;, que organitza l&#8217;ajuntament de la localitat.<\/p>\n<p><img loading=\"lazy\" decoding=\"async\" class=\"aligncenter wp-image-1385 size-full\" src=\"http:\/\/riuraueditors.cat\/blog\/wp-content\/uploads\/2016\/07\/presentacio_amb_els_ulls_benifairo_2016.jpg\" alt=\"Presentaci\u00f3: Amb els ulls d'una nena de dotze anys. Benifair\u00f3, juliol 2016.\" width=\"663\" height=\"938\" srcset=\"https:\/\/riuraueditors.cat\/blog\/wp-content\/uploads\/2016\/07\/presentacio_amb_els_ulls_benifairo_2016.jpg 663w, https:\/\/riuraueditors.cat\/blog\/wp-content\/uploads\/2016\/07\/presentacio_amb_els_ulls_benifairo_2016-212x300.jpg 212w, https:\/\/riuraueditors.cat\/blog\/wp-content\/uploads\/2016\/07\/presentacio_amb_els_ulls_benifairo_2016-624x883.jpg 624w\" sizes=\"auto, (max-width: 663px) 100vw, 663px\" \/><\/p>\n","protected":false},"excerpt":{"rendered":"<p>Guillem Calaforra i Josep Conill parlaran sobre el dietari de Janina Hescheles Amb els ulls d&#8217;una nena de dotze anys. Ser\u00e0 el 15 de juliol del 2016, a Benifair\u00f3 de la Valldigna, a les 20 h, dins del cicle &#8220;Literatura a la pla\u00e7a&#8221;, que organitza l&#8217;ajuntament de la localitat.<\/p>\n","protected":false},"author":1,"featured_media":0,"comment_status":"closed","ping_status":"closed","sticky":false,"template":"","format":"standard","meta":{"footnotes":""},"categories":[4],"tags":[127,74,132,135],"class_list":["post-1384","post","type-post","status-publish","format-standard","hentry","category-presentacions","tag-amb-els-ulls-duna-nena-de-dotze-anys","tag-guillem-calaforra","tag-janina-hescheles","tag-josep-j-conill"],"_links":{"self":[{"href":"https:\/\/riuraueditors.cat\/blog\/index.php?rest_route=\/wp\/v2\/posts\/1384","targetHints":{"allow":["GET"]}}],"collection":[{"href":"https:\/\/riuraueditors.cat\/blog\/index.php?rest_route=\/wp\/v2\/posts"}],"about":[{"href":"https:\/\/riuraueditors.cat\/blog\/index.php?rest_route=\/wp\/v2\/types\/post"}],"author":[{"embeddable":true,"href":"https:\/\/riuraueditors.cat\/blog\/index.php?rest_route=\/wp\/v2\/users\/1"}],"replies":[{"embeddable":true,"href":"https:\/\/riuraueditors.cat\/blog\/index.php?rest_route=%2Fwp%2Fv2%2Fcomments&post=1384"}],"version-history":[{"count":4,"href":"https:\/\/riuraueditors.cat\/blog\/index.php?rest_route=\/wp\/v2\/posts\/1384\/revisions"}],"predecessor-version":[{"id":1473,"href":"https:\/\/riuraueditors.cat\/blog\/index.php?rest_route=\/wp\/v2\/posts\/1384\/revisions\/1473"}],"wp:attachment":[{"href":"https:\/\/riuraueditors.cat\/blog\/index.php?rest_route=%2Fwp%2Fv2%2Fmedia&parent=1384"}],"wp:term":[{"taxonomy":"category","embeddable":true,"href":"https:\/\/riuraueditors.cat\/blog\/index.php?rest_route=%2Fwp%2Fv2%2Fcategories&post=1384"},{"taxonomy":"post_tag","embeddable":true,"href":"https:\/\/riuraueditors.cat\/blog\/index.php?rest_route=%2Fwp%2Fv2%2Ftags&post=1384"}],"curies":[{"name":"wp","href":"https:\/\/api.w.org\/{rel}","templated":true}]}}