{"id":155,"date":"2009-08-18T00:50:04","date_gmt":"2009-08-17T23:50:04","guid":{"rendered":"http:\/\/riuraueditors.cat\/blog\/?p=155"},"modified":"2009-12-18T01:23:51","modified_gmt":"2009-12-18T00:23:51","slug":"lo-que-no-se-ve-article-de-xavier-sala-i-martin","status":"publish","type":"post","link":"https:\/\/riuraueditors.cat\/blog\/?p=155","title":{"rendered":"&#8216;Lo que no se ve&#8217;, article de Xavier Sala i Mart\u00edn"},"content":{"rendered":"<p>En aquest <a title=\"Article de Xavier Sala i Mart\u00edn\" href=\"http:\/\/riuraueditors.cat\/blog\/wp-content\/uploads\/2009\/08\/sala-i-martin_bastiat.pdf\">article<\/a>\u00a0de <em>La Vanguardia<\/em>\u00a0(17 d&#8217;agost del 2009), l&#8217;economista Xavier Sala i Mart\u00edn comenta\u00a0q\u00fcestions d&#8217;actualitat pol\u00edtica i econ\u00f2mica a partir de les idees que Fr\u00e9d\u00e9ric Bastiat exposa en el seu llibre <em><a href=\"https:\/\/riuraueditors.cat\/llibres\/allo-que-es-veu-i-allo-que-no-es-veu-9788493703714.html\">All\u00f2 que es veu i all\u00f2 que no es veu<\/a><\/em>, publicat en catal\u00e0 per Riurau Editors. Podeu descarregar gratu\u00eftament la <a href=\"https:\/\/riuraueditors.cat\/llibres\/allo-que-es-veu-i-allo-que-no-es-veu-9788493703714.html\">versi\u00f3 electr\u00f2nica<\/a> del llibre en la web de Riurau Editors. Nom\u00e9s cal que us hi registreu pr\u00e8viament.<\/p>\n","protected":false},"excerpt":{"rendered":"<p>En aquest article\u00a0de La Vanguardia\u00a0(17 d&#8217;agost del 2009), l&#8217;economista Xavier Sala i Mart\u00edn comenta\u00a0q\u00fcestions d&#8217;actualitat pol\u00edtica i econ\u00f2mica a partir de les idees que Fr\u00e9d\u00e9ric Bastiat exposa en el seu llibre All\u00f2 que es veu i all\u00f2 que no es veu, publicat en catal\u00e0 per Riurau Editors. Podeu descarregar gratu\u00eftament la versi\u00f3 electr\u00f2nica del llibre &hellip; <a href=\"https:\/\/riuraueditors.cat\/blog\/?p=155\" class=\"more-link\">Continua la lectura de <span class=\"screen-reader-text\">&#8216;Lo que no se ve&#8217;, article de Xavier Sala i Mart\u00edn<\/span><\/a><\/p>\n","protected":false},"author":1,"featured_media":0,"comment_status":"closed","ping_status":"closed","sticky":false,"template":"","format":"standard","meta":{"footnotes":""},"categories":[23,6],"tags":[30,15,49,44],"class_list":["post-155","post","type-post","status-publish","format-standard","hentry","category-articles","category-premsa","tag-allo-que-es-veu-i-allo-que-no-es-veu","tag-frederic-bastiat","tag-la-vanguardia","tag-xavier-sala-i-martin"],"_links":{"self":[{"href":"https:\/\/riuraueditors.cat\/blog\/index.php?rest_route=\/wp\/v2\/posts\/155","targetHints":{"allow":["GET"]}}],"collection":[{"href":"https:\/\/riuraueditors.cat\/blog\/index.php?rest_route=\/wp\/v2\/posts"}],"about":[{"href":"https:\/\/riuraueditors.cat\/blog\/index.php?rest_route=\/wp\/v2\/types\/post"}],"author":[{"embeddable":true,"href":"https:\/\/riuraueditors.cat\/blog\/index.php?rest_route=\/wp\/v2\/users\/1"}],"replies":[{"embeddable":true,"href":"https:\/\/riuraueditors.cat\/blog\/index.php?rest_route=%2Fwp%2Fv2%2Fcomments&post=155"}],"version-history":[{"count":16,"href":"https:\/\/riuraueditors.cat\/blog\/index.php?rest_route=\/wp\/v2\/posts\/155\/revisions"}],"predecessor-version":[{"id":396,"href":"https:\/\/riuraueditors.cat\/blog\/index.php?rest_route=\/wp\/v2\/posts\/155\/revisions\/396"}],"wp:attachment":[{"href":"https:\/\/riuraueditors.cat\/blog\/index.php?rest_route=%2Fwp%2Fv2%2Fmedia&parent=155"}],"wp:term":[{"taxonomy":"category","embeddable":true,"href":"https:\/\/riuraueditors.cat\/blog\/index.php?rest_route=%2Fwp%2Fv2%2Fcategories&post=155"},{"taxonomy":"post_tag","embeddable":true,"href":"https:\/\/riuraueditors.cat\/blog\/index.php?rest_route=%2Fwp%2Fv2%2Ftags&post=155"}],"curies":[{"name":"wp","href":"https:\/\/api.w.org\/{rel}","templated":true}]}}