{"id":218,"date":"2009-10-20T09:07:26","date_gmt":"2009-10-20T08:07:26","guid":{"rendered":"http:\/\/riuraueditors.cat\/blog\/?p=218"},"modified":"2009-12-18T01:23:20","modified_gmt":"2009-12-18T00:23:20","slug":"villatoro-economistes-bastiat-crisis","status":"publish","type":"post","link":"https:\/\/riuraueditors.cat\/blog\/?p=218","title":{"rendered":"Villatoro: &#8216;Economistes &#8211; Bastiat &#8211; Crisis&#8217;"},"content":{"rendered":"<p>(Article publicat al diari <a href=\"http:\/\/paper.avui.cat\/article\/opinio\/177305\/trossos.html\">Avui<\/a>, 20 d&#8217;octubre del 2009)<\/p>\n<p>Trossos<br \/>\nVicen\u00e7 Villatoro<\/p>\n<p><strong>Economistes<br \/>\n<\/strong>&#8220;El mal economista persegueix un petit b\u00e9 present que ser\u00e0 seguit d&#8217;un gran mal futur, mentre que el verdader economista persegueix un gran b\u00e9 futur a risc d&#8217;un petit mal present. [&#8230;] Vet ac\u00ed la difer\u00e8ncia entre un mal i un bon economista: l&#8217;un s&#8217;at\u00e9 a l&#8217;efecte visible (immediat); l&#8217;altre para esment en l&#8217;efecte que es veu i en el que cal preveure (el que no es veu, el que no \u00e9s immediat)&#8221;.<\/p>\n<p><strong>Bastiat<br \/>\n<\/strong>Aquestes frases anteriors pertanyen al llibre <em><a href=\"https:\/\/riuraueditors.cat\/llibres\/allo-que-es-veu-i-allo-que-no-es-veu-9788493703714.html\">All\u00f2 que es veu i all\u00f2 que no es veu<\/a><\/em>, de Fr\u00e9d\u00e9ric Bastiat, un brillant economista, pol\u00edtic i escriptor franc\u00e8s de la primera meitat del segle XIX. L&#8217;acaba de publicar en catal\u00e0 Riurau Editors, que \u00e9s una petita editorial que edita des de Barcelona en catal\u00e0 de Val\u00e8ncia. Bastiat \u00e9s un cl\u00e0ssic del liberalisme i el llibre aplica aquesta distinci\u00f3 entre all\u00f2 que es veu, els efectes immediats de les lleis i de les mesures, i all\u00f2 que no es veu, els efectes que produeix despr\u00e9s en cadena i que molt sovint van en direcci\u00f3 contr\u00e0ria del primer efecte visible: mesures que semblen arreglar un petit problema immediat n&#8217;acaben espatllant de grans, i a l&#8217;inrev\u00e9s.<\/p>\n<p><strong>Crisis<br \/>\n<\/strong>Quan vaig llegir aquest petit text, per poder-ne parlar al programa Qwerty de BTV, que \u00e9s on me&#8217;l van recomanar, vaig pensar de seguida que era un manual encara molt \u00fatil per pensar en les sortides de la crisi actual i per avaluar algunes de les mesures que s&#8217;estaven prenent entre nosaltres, alguns plans i alguns peda\u00e7os, que aparentment tapen un forat per avui mateix, per\u00f2 poden fer-lo m\u00e9s gros per dem\u00e0. Les reflexions de Bastiat serien \u00fatils per a molts responsables actuals de pol\u00edtiques econ\u00f2miques. Per\u00f2 en el fons ja ho saben. Per\u00f2 saben tamb\u00e9 que seran avaluats -per les urnes- en un moment en qu\u00e8 ja ser\u00e0 visible l&#8217;efecte immediat positiu i encara seran invisibles els efectes negatius posteriors. Abans se&#8217;n deia populisme, d&#8217;aix\u00f2.<\/p>\n","protected":false},"excerpt":{"rendered":"<p>(Article publicat al diari Avui, 20 d&#8217;octubre del 2009) Trossos Vicen\u00e7 Villatoro Economistes &#8220;El mal economista persegueix un petit b\u00e9 present que ser\u00e0 seguit d&#8217;un gran mal futur, mentre que el verdader economista persegueix un gran b\u00e9 futur a risc d&#8217;un petit mal present. [&#8230;] Vet ac\u00ed la difer\u00e8ncia entre un mal i un bon &hellip; <a href=\"https:\/\/riuraueditors.cat\/blog\/?p=218\" class=\"more-link\">Continua la lectura de <span class=\"screen-reader-text\">Villatoro: &#8216;Economistes &#8211; Bastiat &#8211; Crisis&#8217;<\/span><\/a><\/p>\n","protected":false},"author":1,"featured_media":0,"comment_status":"closed","ping_status":"closed","sticky":false,"template":"","format":"standard","meta":{"footnotes":""},"categories":[23,6],"tags":[30,15,42],"class_list":["post-218","post","type-post","status-publish","format-standard","hentry","category-articles","category-premsa","tag-allo-que-es-veu-i-allo-que-no-es-veu","tag-frederic-bastiat","tag-villatoro"],"_links":{"self":[{"href":"https:\/\/riuraueditors.cat\/blog\/index.php?rest_route=\/wp\/v2\/posts\/218","targetHints":{"allow":["GET"]}}],"collection":[{"href":"https:\/\/riuraueditors.cat\/blog\/index.php?rest_route=\/wp\/v2\/posts"}],"about":[{"href":"https:\/\/riuraueditors.cat\/blog\/index.php?rest_route=\/wp\/v2\/types\/post"}],"author":[{"embeddable":true,"href":"https:\/\/riuraueditors.cat\/blog\/index.php?rest_route=\/wp\/v2\/users\/1"}],"replies":[{"embeddable":true,"href":"https:\/\/riuraueditors.cat\/blog\/index.php?rest_route=%2Fwp%2Fv2%2Fcomments&post=218"}],"version-history":[{"count":9,"href":"https:\/\/riuraueditors.cat\/blog\/index.php?rest_route=\/wp\/v2\/posts\/218\/revisions"}],"predecessor-version":[{"id":393,"href":"https:\/\/riuraueditors.cat\/blog\/index.php?rest_route=\/wp\/v2\/posts\/218\/revisions\/393"}],"wp:attachment":[{"href":"https:\/\/riuraueditors.cat\/blog\/index.php?rest_route=%2Fwp%2Fv2%2Fmedia&parent=218"}],"wp:term":[{"taxonomy":"category","embeddable":true,"href":"https:\/\/riuraueditors.cat\/blog\/index.php?rest_route=%2Fwp%2Fv2%2Fcategories&post=218"},{"taxonomy":"post_tag","embeddable":true,"href":"https:\/\/riuraueditors.cat\/blog\/index.php?rest_route=%2Fwp%2Fv2%2Ftags&post=218"}],"curies":[{"name":"wp","href":"https:\/\/api.w.org\/{rel}","templated":true}]}}