{"id":253,"date":"2009-12-07T16:42:59","date_gmt":"2009-12-07T15:42:59","guid":{"rendered":"http:\/\/riuraueditors.cat\/blog\/?p=253"},"modified":"2009-12-18T12:31:55","modified_gmt":"2009-12-18T11:31:55","slug":"el-que-es-mejava-a-casa-es-presenta-a-girona","status":"publish","type":"post","link":"https:\/\/riuraueditors.cat\/blog\/?p=253","title":{"rendered":"&#8216;El que es menjava a casa&#8217; es presenta a Girona"},"content":{"rendered":"<p><a href=\"https:\/\/riuraueditors.cat\/llibres\/el-que-es-menjava-a-casa-9788493703769.html\"><img loading=\"lazy\" decoding=\"async\" class=\"alignleft\" title=\"El que es menjava a casa\" src=\"http:\/\/www.riuraueditors.cat\/web\/img\/p\/30-76-home.jpg\" alt=\"\" width=\"155\" height=\"203\" \/><\/a>El dijous 17 de desembre del 2009 es presentar\u00e0 a Girona el llibre <a href=\"https:\/\/riuraueditors.cat\/llibres\/el-que-es-menjava-a-casa-9788493703769.html\">El que es menjava a casa<\/a> de Carles Gin\u00e8s, publicat per <a href=\"http:\/\/www.riuraueditors.cat\">Riurau Editors<\/a>. Ser\u00e0 a les 12h, a la nova <a href=\"http:\/\/www.girona.cat\/web\/index2.php?id=0&amp;NOTICIA=80585\">Aula Gastron\u00f2mica del Mercat del Lle\u00f3<\/a>. Hi intervindran el cuiner Joan Roca, que n&#8217;ha escrit el pr\u00f2leg, el periodista Salvador Garcia Arb\u00f3s i l&#8217;autor Carles Gin\u00e8s. L&#8217;acte \u00e9s organitzat amb la col\u00b7laboraci\u00f3 de la <a href=\"http:\/\/www.llibreria22.net\/\">Llibreria 22<\/a>\u00a0de Girona.<\/p>\n","protected":false},"excerpt":{"rendered":"<p>El dijous 17 de desembre del 2009 es presentar\u00e0 a Girona el llibre El que es menjava a casa de Carles Gin\u00e8s, publicat per Riurau Editors. Ser\u00e0 a les 12h, a la nova Aula Gastron\u00f2mica del Mercat del Lle\u00f3. Hi intervindran el cuiner Joan Roca, que n&#8217;ha escrit el pr\u00f2leg, el periodista Salvador Garcia Arb\u00f3s &hellip; <a href=\"https:\/\/riuraueditors.cat\/blog\/?p=253\" class=\"more-link\">Continua la lectura de <span class=\"screen-reader-text\">&#8216;El que es menjava a casa&#8217; es presenta a Girona<\/span><\/a><\/p>\n","protected":false},"author":1,"featured_media":0,"comment_status":"closed","ping_status":"closed","sticky":false,"template":"","format":"standard","meta":{"footnotes":""},"categories":[4],"tags":[37,56,36,38,62,61],"class_list":["post-253","post","type-post","status-publish","format-standard","hentry","category-presentacions","tag-carles-gines","tag-cuina","tag-el-que-es-menjava-a-casa","tag-joan-roca","tag-llibreria-22","tag-salvador-garcia-arbos"],"_links":{"self":[{"href":"https:\/\/riuraueditors.cat\/blog\/index.php?rest_route=\/wp\/v2\/posts\/253","targetHints":{"allow":["GET"]}}],"collection":[{"href":"https:\/\/riuraueditors.cat\/blog\/index.php?rest_route=\/wp\/v2\/posts"}],"about":[{"href":"https:\/\/riuraueditors.cat\/blog\/index.php?rest_route=\/wp\/v2\/types\/post"}],"author":[{"embeddable":true,"href":"https:\/\/riuraueditors.cat\/blog\/index.php?rest_route=\/wp\/v2\/users\/1"}],"replies":[{"embeddable":true,"href":"https:\/\/riuraueditors.cat\/blog\/index.php?rest_route=%2Fwp%2Fv2%2Fcomments&post=253"}],"version-history":[{"count":15,"href":"https:\/\/riuraueditors.cat\/blog\/index.php?rest_route=\/wp\/v2\/posts\/253\/revisions"}],"predecessor-version":[{"id":404,"href":"https:\/\/riuraueditors.cat\/blog\/index.php?rest_route=\/wp\/v2\/posts\/253\/revisions\/404"}],"wp:attachment":[{"href":"https:\/\/riuraueditors.cat\/blog\/index.php?rest_route=%2Fwp%2Fv2%2Fmedia&parent=253"}],"wp:term":[{"taxonomy":"category","embeddable":true,"href":"https:\/\/riuraueditors.cat\/blog\/index.php?rest_route=%2Fwp%2Fv2%2Fcategories&post=253"},{"taxonomy":"post_tag","embeddable":true,"href":"https:\/\/riuraueditors.cat\/blog\/index.php?rest_route=%2Fwp%2Fv2%2Ftags&post=253"}],"curies":[{"name":"wp","href":"https:\/\/api.w.org\/{rel}","templated":true}]}}