{"id":367,"date":"2009-12-18T00:51:33","date_gmt":"2009-12-17T23:51:33","guid":{"rendered":"http:\/\/riuraueditors.cat\/blog\/?p=367"},"modified":"2009-12-18T12:31:29","modified_gmt":"2009-12-18T11:31:29","slug":"presentacio-de-el-que-es-menjava-a-casa-a-girona-fotografies","status":"publish","type":"post","link":"https:\/\/riuraueditors.cat\/blog\/?p=367","title":{"rendered":"Presentaci\u00f3 de &#8216;El que es menjava a casa&#8217; a Girona, fotografies"},"content":{"rendered":"<p>El dijous 18 de desembre del 2009 es va presentar el llibre <em><a href=\"https:\/\/riuraueditors.cat\/llibres\/el-que-es-menjava-a-casa-9788493703769.html\">El que es menjava a casa<\/a><\/em> a l&#8217;Aula Gastron\u00f2mica del Mercat del Lle\u00f3. Hi van intervenir el periodista Salvador Garcia Arb\u00f3s, el cuiner Joan Roca i l&#8217;autor Carles Gin\u00e8s. Si feu clic sobre les imatges, les podeu veure m\u00e9s grans.<\/p>\n<p>\u00a0<\/p>\n<figure id=\"attachment_362\" aria-describedby=\"caption-attachment-362\" style=\"width: 300px\" class=\"wp-caption aligncenter\"><a href=\"http:\/\/riuraueditors.cat\/blog\/wp-content\/uploads\/2009\/12\/presentacioGironaElqueesmenjava2.JPG\"><img loading=\"lazy\" decoding=\"async\" class=\"size-medium wp-image-362 \" title=\"Presentaci\u00f3 El que es menjava a casa\" src=\"http:\/\/riuraueditors.cat\/blog\/wp-content\/uploads\/2009\/12\/presentacioGironaElqueesmenjava2-300x168.jpg\" alt=\"Els tres intervinents\" width=\"300\" height=\"168\" srcset=\"https:\/\/riuraueditors.cat\/blog\/wp-content\/uploads\/2009\/12\/presentacioGironaElqueesmenjava2-300x168.jpg 300w, https:\/\/riuraueditors.cat\/blog\/wp-content\/uploads\/2009\/12\/presentacioGironaElqueesmenjava2.JPG 800w\" sizes=\"auto, (max-width: 300px) 100vw, 300px\" \/><\/a><figcaption id=\"caption-attachment-362\" class=\"wp-caption-text\">Els tres intervinents<\/figcaption><\/figure>\n<figure id=\"attachment_366\" aria-describedby=\"caption-attachment-366\" style=\"width: 300px\" class=\"wp-caption aligncenter\"><a href=\"http:\/\/riuraueditors.cat\/blog\/wp-content\/uploads\/2009\/12\/presentacioGironaElqueesmenjava6.JPG\"><img loading=\"lazy\" decoding=\"async\" class=\"size-medium wp-image-366 \" title=\"Presentaci\u00f3 El que es menjava a casa\" src=\"http:\/\/riuraueditors.cat\/blog\/wp-content\/uploads\/2009\/12\/presentacioGironaElqueesmenjava6-300x168.jpg\" alt=\"Vista del Mercat del Lle\u00f3 des de l'Aula Gastron\u00f2mica\" width=\"300\" height=\"168\" srcset=\"https:\/\/riuraueditors.cat\/blog\/wp-content\/uploads\/2009\/12\/presentacioGironaElqueesmenjava6-300x168.jpg 300w, https:\/\/riuraueditors.cat\/blog\/wp-content\/uploads\/2009\/12\/presentacioGironaElqueesmenjava6.JPG 800w\" sizes=\"auto, (max-width: 300px) 100vw, 300px\" \/><\/a><figcaption id=\"caption-attachment-366\" class=\"wp-caption-text\">Vista del Mercat del Lle\u00f3 des de l&#39;Aula Gastron\u00f2mica<\/figcaption><\/figure>\n<figure id=\"attachment_364\" aria-describedby=\"caption-attachment-364\" style=\"width: 300px\" class=\"wp-caption aligncenter\"><a href=\"http:\/\/riuraueditors.cat\/blog\/wp-content\/uploads\/2009\/12\/presentacioGironaElqueesmenjava4.JPG\"><img loading=\"lazy\" decoding=\"async\" class=\"size-medium wp-image-364 \" title=\"Presentaci\u00f3 El que es menjava a casa\" src=\"http:\/\/riuraueditors.cat\/blog\/wp-content\/uploads\/2009\/12\/presentacioGironaElqueesmenjava4-300x199.jpg\" alt=\"El p\u00fablic\" width=\"300\" height=\"199\" srcset=\"https:\/\/riuraueditors.cat\/blog\/wp-content\/uploads\/2009\/12\/presentacioGironaElqueesmenjava4-300x199.jpg 300w, https:\/\/riuraueditors.cat\/blog\/wp-content\/uploads\/2009\/12\/presentacioGironaElqueesmenjava4.JPG 800w\" sizes=\"auto, (max-width: 300px) 100vw, 300px\" \/><\/a><figcaption id=\"caption-attachment-364\" class=\"wp-caption-text\">El p\u00fablic<\/figcaption><\/figure>\n<figure id=\"attachment_363\" aria-describedby=\"caption-attachment-363\" style=\"width: 300px\" class=\"wp-caption aligncenter\"><a href=\"http:\/\/riuraueditors.cat\/blog\/wp-content\/uploads\/2009\/12\/presentacioGironaElqueesmenjava3.JPG\"><img loading=\"lazy\" decoding=\"async\" class=\"size-medium wp-image-363 \" title=\"Presentaci\u00f3 El que es menjava a casa\" src=\"http:\/\/riuraueditors.cat\/blog\/wp-content\/uploads\/2009\/12\/presentacioGironaElqueesmenjava3-300x168.jpg\" alt=\"Joan Roca i Carles Gin\u00e8s\" width=\"300\" height=\"168\" srcset=\"https:\/\/riuraueditors.cat\/blog\/wp-content\/uploads\/2009\/12\/presentacioGironaElqueesmenjava3-300x168.jpg 300w, https:\/\/riuraueditors.cat\/blog\/wp-content\/uploads\/2009\/12\/presentacioGironaElqueesmenjava3.JPG 800w\" sizes=\"auto, (max-width: 300px) 100vw, 300px\" \/><\/a><figcaption id=\"caption-attachment-363\" class=\"wp-caption-text\">Joan Roca i Carles Gin\u00e8s<\/figcaption><\/figure>\n<p>\u00a0<\/p>\n<figure id=\"attachment_361\" aria-describedby=\"caption-attachment-361\" style=\"width: 199px\" class=\"wp-caption alignleft\"><a href=\"http:\/\/riuraueditors.cat\/blog\/wp-content\/uploads\/2009\/12\/presentacioGironaElqueesmenjava1.JPG\"><img loading=\"lazy\" decoding=\"async\" class=\"size-medium wp-image-361  \" title=\"Presentaci\u00f3 El que es menjava a casa\" src=\"http:\/\/riuraueditors.cat\/blog\/wp-content\/uploads\/2009\/12\/presentacioGironaElqueesmenjava1-199x300.jpg\" alt=\"El periodista Salvador Garcia Arb\u00f3s\" width=\"199\" height=\"300\" srcset=\"https:\/\/riuraueditors.cat\/blog\/wp-content\/uploads\/2009\/12\/presentacioGironaElqueesmenjava1-199x300.jpg 199w, https:\/\/riuraueditors.cat\/blog\/wp-content\/uploads\/2009\/12\/presentacioGironaElqueesmenjava1.JPG 533w\" sizes=\"auto, (max-width: 199px) 100vw, 199px\" \/><\/a><figcaption id=\"caption-attachment-361\" class=\"wp-caption-text\">El periodista Salvador Garcia Arb\u00f3s<\/figcaption><\/figure>\n<figure id=\"attachment_365\" aria-describedby=\"caption-attachment-365\" style=\"width: 168px\" class=\"wp-caption alignright\"><a href=\"http:\/\/riuraueditors.cat\/blog\/wp-content\/uploads\/2009\/12\/presentacioGironaElqueesmenjava5.JPG\"><img loading=\"lazy\" decoding=\"async\" class=\"size-medium wp-image-365  \" title=\"Presentaci\u00f3 El que es menjava a casa\" src=\"http:\/\/riuraueditors.cat\/blog\/wp-content\/uploads\/2009\/12\/presentacioGironaElqueesmenjava5-168x300.jpg\" alt=\"L'autor Carles Gin\u00e8s signant llibres\" width=\"168\" height=\"300\" srcset=\"https:\/\/riuraueditors.cat\/blog\/wp-content\/uploads\/2009\/12\/presentacioGironaElqueesmenjava5-168x300.jpg 168w, https:\/\/riuraueditors.cat\/blog\/wp-content\/uploads\/2009\/12\/presentacioGironaElqueesmenjava5.JPG 450w\" sizes=\"auto, (max-width: 168px) 100vw, 168px\" \/><\/a><figcaption id=\"caption-attachment-365\" class=\"wp-caption-text\">L&#39;autor Carles Gin\u00e8s signant llibres<\/figcaption><\/figure>\n","protected":false},"excerpt":{"rendered":"<p>El dijous 18 de desembre del 2009 es va presentar el llibre El que es menjava a casa a l&#8217;Aula Gastron\u00f2mica del Mercat del Lle\u00f3. Hi van intervenir el periodista Salvador Garcia Arb\u00f3s, el cuiner Joan Roca i l&#8217;autor Carles Gin\u00e8s. Si feu clic sobre les imatges, les podeu veure m\u00e9s grans. \u00a0 \u00a0<\/p>\n","protected":false},"author":1,"featured_media":0,"comment_status":"closed","ping_status":"closed","sticky":false,"template":"","format":"standard","meta":{"footnotes":""},"categories":[4],"tags":[37,36,38,62,61],"class_list":["post-367","post","type-post","status-publish","format-standard","hentry","category-presentacions","tag-carles-gines","tag-el-que-es-menjava-a-casa","tag-joan-roca","tag-llibreria-22","tag-salvador-garcia-arbos"],"_links":{"self":[{"href":"https:\/\/riuraueditors.cat\/blog\/index.php?rest_route=\/wp\/v2\/posts\/367","targetHints":{"allow":["GET"]}}],"collection":[{"href":"https:\/\/riuraueditors.cat\/blog\/index.php?rest_route=\/wp\/v2\/posts"}],"about":[{"href":"https:\/\/riuraueditors.cat\/blog\/index.php?rest_route=\/wp\/v2\/types\/post"}],"author":[{"embeddable":true,"href":"https:\/\/riuraueditors.cat\/blog\/index.php?rest_route=\/wp\/v2\/users\/1"}],"replies":[{"embeddable":true,"href":"https:\/\/riuraueditors.cat\/blog\/index.php?rest_route=%2Fwp%2Fv2%2Fcomments&post=367"}],"version-history":[{"count":21,"href":"https:\/\/riuraueditors.cat\/blog\/index.php?rest_route=\/wp\/v2\/posts\/367\/revisions"}],"predecessor-version":[{"id":384,"href":"https:\/\/riuraueditors.cat\/blog\/index.php?rest_route=\/wp\/v2\/posts\/367\/revisions\/384"}],"wp:attachment":[{"href":"https:\/\/riuraueditors.cat\/blog\/index.php?rest_route=%2Fwp%2Fv2%2Fmedia&parent=367"}],"wp:term":[{"taxonomy":"category","embeddable":true,"href":"https:\/\/riuraueditors.cat\/blog\/index.php?rest_route=%2Fwp%2Fv2%2Fcategories&post=367"},{"taxonomy":"post_tag","embeddable":true,"href":"https:\/\/riuraueditors.cat\/blog\/index.php?rest_route=%2Fwp%2Fv2%2Ftags&post=367"}],"curies":[{"name":"wp","href":"https:\/\/api.w.org\/{rel}","templated":true}]}}