{"id":466,"date":"2010-01-28T19:15:22","date_gmt":"2010-01-28T18:15:22","guid":{"rendered":"http:\/\/riuraueditors.cat\/blog\/?p=466"},"modified":"2010-01-28T19:18:54","modified_gmt":"2010-01-28T18:18:54","slug":"el-que-es-menjava-a-casa-es-presenta-a-barcelona","status":"publish","type":"post","link":"https:\/\/riuraueditors.cat\/blog\/?p=466","title":{"rendered":"&#8216;El que es menjava a casa&#8217; es presenta a Barcelona"},"content":{"rendered":"<div><a href=\"https:\/\/riuraueditors.cat\/llibres\/el-que-es-menjava-a-casa-9788493703769.html\"><img loading=\"lazy\" decoding=\"async\" class=\"alignleft\" src=\"http:\/\/www.riuraueditors.cat\/\/web\/img\/p\/30-76-medium.jpg\" alt=\"\" width=\"85\" height=\"111\" \/><\/a>El llibre <a href=\"https:\/\/riuraueditors.cat\/llibres\/el-que-es-menjava-a-casa-9788493703769.html\">El que es menjava a casa<\/a> de Carles Gin\u00e8s es presentar\u00e0 el dimecres 17 de febrer del 2010, a les 19h, a la <a href=\"http:\/\/www.llibreriacatalonia.cat\/web\/principal.php\">Llibreria Catal\u00f2nia<\/a>\u00a0(Ronda de Sant Pere, 3,\u00a008010 Barcelona). Hi intervindran Carles Gin\u00e8s, autor del llibre;\u00a0Jaume Ortol\u00e0,\u00a0responsable de Riurau Editors; i Josep Sucarrats, director de la revista <a href=\"http:\/\/cuina.lesrevistes.cat\/\">Cuina<\/a>. <a href=\"http:\/\/riuraueditors.cat\/blog\/?tag=el-que-es-menjava-a-casa\">Aqu\u00ed<\/a> podeu veure totes les not\u00edcies relacionades amb el llibre.<\/div>\n<div><a href=\"http:\/\/www.llibreriacatalonia.cat\/web\/principal.php\"><img loading=\"lazy\" decoding=\"async\" class=\"size-full wp-image-472 aligncenter\" title=\"Llibreria Catal\u00f2nia\" src=\"http:\/\/riuraueditors.cat\/blog\/wp-content\/uploads\/2010\/01\/logo_catalonia1.jpg\" alt=\"\" width=\"209\" height=\"39\" srcset=\"https:\/\/riuraueditors.cat\/blog\/wp-content\/uploads\/2010\/01\/logo_catalonia1.jpg 522w, https:\/\/riuraueditors.cat\/blog\/wp-content\/uploads\/2010\/01\/logo_catalonia1-300x55.jpg 300w\" sizes=\"auto, (max-width: 209px) 100vw, 209px\" \/><\/a><\/div>\n","protected":false},"excerpt":{"rendered":"<p>El llibre El que es menjava a casa de Carles Gin\u00e8s es presentar\u00e0 el dimecres 17 de febrer del 2010, a les 19h, a la Llibreria Catal\u00f2nia\u00a0(Ronda de Sant Pere, 3,\u00a008010 Barcelona). Hi intervindran Carles Gin\u00e8s, autor del llibre;\u00a0Jaume Ortol\u00e0,\u00a0responsable de Riurau Editors; i Josep Sucarrats, director de la revista Cuina. Aqu\u00ed podeu veure totes &hellip; <a href=\"https:\/\/riuraueditors.cat\/blog\/?p=466\" class=\"more-link\">Continua la lectura de <span class=\"screen-reader-text\">&#8216;El que es menjava a casa&#8217; es presenta a Barcelona<\/span><\/a><\/p>\n","protected":false},"author":1,"featured_media":0,"comment_status":"closed","ping_status":"closed","sticky":false,"template":"","format":"standard","meta":{"footnotes":""},"categories":[4],"tags":[37,36],"class_list":["post-466","post","type-post","status-publish","format-standard","hentry","category-presentacions","tag-carles-gines","tag-el-que-es-menjava-a-casa"],"_links":{"self":[{"href":"https:\/\/riuraueditors.cat\/blog\/index.php?rest_route=\/wp\/v2\/posts\/466","targetHints":{"allow":["GET"]}}],"collection":[{"href":"https:\/\/riuraueditors.cat\/blog\/index.php?rest_route=\/wp\/v2\/posts"}],"about":[{"href":"https:\/\/riuraueditors.cat\/blog\/index.php?rest_route=\/wp\/v2\/types\/post"}],"author":[{"embeddable":true,"href":"https:\/\/riuraueditors.cat\/blog\/index.php?rest_route=\/wp\/v2\/users\/1"}],"replies":[{"embeddable":true,"href":"https:\/\/riuraueditors.cat\/blog\/index.php?rest_route=%2Fwp%2Fv2%2Fcomments&post=466"}],"version-history":[{"count":27,"href":"https:\/\/riuraueditors.cat\/blog\/index.php?rest_route=\/wp\/v2\/posts\/466\/revisions"}],"predecessor-version":[{"id":493,"href":"https:\/\/riuraueditors.cat\/blog\/index.php?rest_route=\/wp\/v2\/posts\/466\/revisions\/493"}],"wp:attachment":[{"href":"https:\/\/riuraueditors.cat\/blog\/index.php?rest_route=%2Fwp%2Fv2%2Fmedia&parent=466"}],"wp:term":[{"taxonomy":"category","embeddable":true,"href":"https:\/\/riuraueditors.cat\/blog\/index.php?rest_route=%2Fwp%2Fv2%2Fcategories&post=466"},{"taxonomy":"post_tag","embeddable":true,"href":"https:\/\/riuraueditors.cat\/blog\/index.php?rest_route=%2Fwp%2Fv2%2Ftags&post=466"}],"curies":[{"name":"wp","href":"https:\/\/api.w.org\/{rel}","templated":true}]}}