{"id":581,"date":"2010-02-25T16:00:21","date_gmt":"2010-02-25T15:00:21","guid":{"rendered":"http:\/\/riuraueditors.cat\/blog\/?p=581"},"modified":"2010-03-05T10:43:14","modified_gmt":"2010-03-05T09:43:14","slug":"presentacio-de-el-que-es-menjava-a-casa-a-castello-dempuries","status":"publish","type":"post","link":"https:\/\/riuraueditors.cat\/blog\/?p=581","title":{"rendered":"Presentaci\u00f3 de &#8216;El que es menjava a casa&#8217; a Castell\u00f3 d&#8217;Emp\u00faries"},"content":{"rendered":"<p><a href=\"https:\/\/riuraueditors.cat\/llibres\/el-que-es-menjava-a-casa-9788493703769.html\"><img loading=\"lazy\" decoding=\"async\" class=\"alignleft\" src=\"http:\/\/www.riuraueditors.cat\/\/web\/img\/p\/30-76-medium.jpg\" alt=\"\" width=\"85\" height=\"111\" \/><\/a><\/p>\n<p><strong>CANVIS: Per indisposici\u00f3 de l&#8217;autor, la presentaci\u00f3 del divendres 5 de mar\u00e7 s&#8217;ha susp\u00e8s. La presentaci\u00f3 es far\u00e0 un altre dia que anunciarem oportunament.<\/strong><\/p>\n<p>El llibre <a href=\"https:\/\/riuraueditors.cat\/llibres\/el-que-es-menjava-a-casa-9788493703769.html\">El que es menjava a casa<\/a> de Carles Gin\u00e8s es presentar\u00e0 el divendres 5 de mar\u00e7 de 2010, a les 19h, a la botigueta\u00a0 &#8220;D\u2019aqu\u00ed, d&#8217;all\u00e0 i de m\u00e9s enll\u00e0&#8221;, al carrer de Sant Francesc, 6, de Castell\u00f3 d\u2019Emp\u00faries (davant l&#8217;Ecomuseu Farinera).\u00a0 Hi intervindran Carles Gin\u00e8s, autor del llibre, i Marta Gibert Ortensi, periodista.<\/p>\n<p><a href=\"http:\/\/riuraueditors.cat\/blog\/?tag=el-que-es-menjava-a-casa\">Aqu\u00ed<\/a> podeu veure totes les not\u00edcies relacionades amb el llibre.<\/p>\n","protected":false},"excerpt":{"rendered":"<p>CANVIS: Per indisposici\u00f3 de l&#8217;autor, la presentaci\u00f3 del divendres 5 de mar\u00e7 s&#8217;ha susp\u00e8s. La presentaci\u00f3 es far\u00e0 un altre dia que anunciarem oportunament. El llibre El que es menjava a casa de Carles Gin\u00e8s es presentar\u00e0 el divendres 5 de mar\u00e7 de 2010, a les 19h, a la botigueta\u00a0 &#8220;D\u2019aqu\u00ed, d&#8217;all\u00e0 i de m\u00e9s &hellip; <a href=\"https:\/\/riuraueditors.cat\/blog\/?p=581\" class=\"more-link\">Continua la lectura de <span class=\"screen-reader-text\">Presentaci\u00f3 de &#8216;El que es menjava a casa&#8217; a Castell\u00f3 d&#8217;Emp\u00faries<\/span><\/a><\/p>\n","protected":false},"author":1,"featured_media":0,"comment_status":"closed","ping_status":"closed","sticky":false,"template":"","format":"standard","meta":{"footnotes":""},"categories":[4],"tags":[37,36,87],"class_list":["post-581","post","type-post","status-publish","format-standard","hentry","category-presentacions","tag-carles-gines","tag-el-que-es-menjava-a-casa","tag-marta-gibert"],"_links":{"self":[{"href":"https:\/\/riuraueditors.cat\/blog\/index.php?rest_route=\/wp\/v2\/posts\/581","targetHints":{"allow":["GET"]}}],"collection":[{"href":"https:\/\/riuraueditors.cat\/blog\/index.php?rest_route=\/wp\/v2\/posts"}],"about":[{"href":"https:\/\/riuraueditors.cat\/blog\/index.php?rest_route=\/wp\/v2\/types\/post"}],"author":[{"embeddable":true,"href":"https:\/\/riuraueditors.cat\/blog\/index.php?rest_route=\/wp\/v2\/users\/1"}],"replies":[{"embeddable":true,"href":"https:\/\/riuraueditors.cat\/blog\/index.php?rest_route=%2Fwp%2Fv2%2Fcomments&post=581"}],"version-history":[{"count":14,"href":"https:\/\/riuraueditors.cat\/blog\/index.php?rest_route=\/wp\/v2\/posts\/581\/revisions"}],"predecessor-version":[{"id":632,"href":"https:\/\/riuraueditors.cat\/blog\/index.php?rest_route=\/wp\/v2\/posts\/581\/revisions\/632"}],"wp:attachment":[{"href":"https:\/\/riuraueditors.cat\/blog\/index.php?rest_route=%2Fwp%2Fv2%2Fmedia&parent=581"}],"wp:term":[{"taxonomy":"category","embeddable":true,"href":"https:\/\/riuraueditors.cat\/blog\/index.php?rest_route=%2Fwp%2Fv2%2Fcategories&post=581"},{"taxonomy":"post_tag","embeddable":true,"href":"https:\/\/riuraueditors.cat\/blog\/index.php?rest_route=%2Fwp%2Fv2%2Ftags&post=581"}],"curies":[{"name":"wp","href":"https:\/\/api.w.org\/{rel}","templated":true}]}}