{"id":857,"date":"2010-11-23T03:38:20","date_gmt":"2010-11-23T02:38:20","guid":{"rendered":"http:\/\/riuraueditors.cat\/blog\/?p=857"},"modified":"2010-11-23T11:03:21","modified_gmt":"2010-11-23T10:03:21","slug":"so-i-silenci-a-rodamots","status":"publish","type":"post","link":"https:\/\/riuraueditors.cat\/blog\/?p=857","title":{"rendered":"&#8216;So i silenci&#8217; a RodaMots"},"content":{"rendered":"<p>Els mots del dia 23 de novembre del 2010 de la llista <a href=\"http:\/\/www.rodamots.com\/mot.asp?nm=2597\">RodaMots<\/a>, fraseig i frasejar,\u00a0s\u00f3n il\u00b7lustrats amb exemples extrets del llibre <a href=\"https:\/\/riuraueditors.cat\/llibres\/so-i-silenci-9788493703790.html\">So i silenci<\/a> de Guillem Calaforra (Riurau Editors, 2010). Amb <a href=\"http:\/\/www.rodamots.com\">Rodamots<\/a> podeu rebre cada dia un breu missatge amb una paraula o una expressi\u00f3 de la nostra llengua, amb el seu significat i un exemple d\u2019\u00fas.<\/p>\n<table border=\"0\" cellspacing=\"2\" cellpadding=\"5\" align=\"center\">\n<tbody>\n<tr>\n<td bgcolor=\"#eeeeee\"><span style=\"font-size: 10.8333px;\">Cada dia un mot \/\u00a0<span style=\"color: #3333cc;\">2597<span style=\"color: #000000;\"> \/ dimarts, 23 de novembre del 2010<\/span><\/span><\/span><\/td>\n<\/tr>\n<tr>\n<td bgcolor=\"#eeeeee\"><strong>fraseig<\/strong> (<em>m<\/em>)<\/td>\n<\/tr>\n<tr>\n<td bgcolor=\"#eeeeee\">Art o t\u00e8cnica de frasejar.<\/p>\n<p><strong>frasejar<\/strong> (<em>v<\/em>)<\/p>\n<p>En l&#8217;execuci\u00f3 d&#8217;una pe\u00e7a musical, destacar els elements de l&#8217;obra, donant valor a les frases, les pauses, etc.<br \/>\n<em>En el cant, no \u00e9s possible de frasejar correctament sense una bona t\u00e8cnica de respiraci\u00f3.<\/em><\/td>\n<\/tr>\n<tr>\n<td bgcolor=\"#eeeeee\">[Etimologia \u2014 De\u00a0<em>frasejar<\/em>, del llat\u00ed\u00a0<em>phrasis<\/em>, &#8216;dicci\u00f3, estil&#8217;, i aquest, del grec\u00a0<em>phr\u00e1sis<\/em>, &#8216;expressi\u00f3&#8217;, derivat de<em>phr\u00e1zo<\/em>, &#8216;explicar&#8217;.]<\/td>\n<\/tr>\n<tr>\n<td bgcolor=\"#eeeeee\">Teoria del\u00a0<strong>fraseig<\/strong>, primera part (plantejament):<br \/>\n\u00bfCom s&#8217;ho fan alguns m\u00fasics extraordinaris per a\u00a0<strong>frasejar<\/strong> de tal manera que la m\u00fasica sembla un discurs oral, fet amb paraules?<\/p>\n<p>Teoria del fraseig, segona part (soluci\u00f3 amb l\u00fadiques al\u00b7literacions):<br \/>\n\u00bfPer qu\u00e8 els m\u00fasics que millor frasegen s\u00f3n els de vent? Perqu\u00e8 per a ells resulta natural una cosa que els altres han d&#8217;aprendre per imitaci\u00f3: el fet que el fraseig \u00e9s una forma de respiraci\u00f3.<\/td>\n<\/tr>\n<tr>\n<td bgcolor=\"#eeeeee\">Guillem Calaforra,\u00a0<em>So i silenci<\/em> (Barcelona: Riurau, 2010), p\u00e0g. 110, 120<\/td>\n<\/tr>\n<tr>\n<td bgcolor=\"#eeeeee\">*** Aquesta setmana: mots relacionats amb la m\u00fasica ***<\/td>\n<\/tr>\n<tr>\n<td bgcolor=\"#eeeeee\">So i silenci, un blog de Guillem Calaforra (Benissan\u00f3, Camp de T\u00faria 1970)<br \/>\n<a href=\"http:\/\/soisilenci.blogspot.com\/\" target=\"_blank\">http:\/\/soisilenci.blogspot.com\/<\/a><\/td>\n<\/tr>\n<tr>\n<td bgcolor=\"#eeeeee\">Enric S\u00f2ria: \u00abAmb la m\u00fasica a dins\u00bb<br \/>\n<a href=\"http:\/\/riuraueditors.cat\/blog\/?p=795\" target=\"_blank\">http:\/\/riuraueditors.cat\/blog\/?p=795<\/a><\/td>\n<\/tr>\n<\/tbody>\n<\/table>\n","protected":false},"excerpt":{"rendered":"<p>Els mots del dia 23 de novembre del 2010 de la llista RodaMots, fraseig i frasejar,\u00a0s\u00f3n il\u00b7lustrats amb exemples extrets del llibre So i silenci de Guillem Calaforra (Riurau Editors, 2010). Amb Rodamots podeu rebre cada dia un breu missatge amb una paraula o una expressi\u00f3 de la nostra llengua, amb el seu significat i &hellip; <a href=\"https:\/\/riuraueditors.cat\/blog\/?p=857\" class=\"more-link\">Continua la lectura de <span class=\"screen-reader-text\">&#8216;So i silenci&#8217; a RodaMots<\/span><\/a><\/p>\n","protected":false},"author":1,"featured_media":0,"comment_status":"closed","ping_status":"closed","sticky":false,"template":"","format":"standard","meta":{"footnotes":""},"categories":[10],"tags":[74,110,104],"class_list":["post-857","post","type-post","status-publish","format-standard","hentry","category-blogs","tag-guillem-calaforra","tag-rodamots","tag-so-i-silenci"],"_links":{"self":[{"href":"https:\/\/riuraueditors.cat\/blog\/index.php?rest_route=\/wp\/v2\/posts\/857","targetHints":{"allow":["GET"]}}],"collection":[{"href":"https:\/\/riuraueditors.cat\/blog\/index.php?rest_route=\/wp\/v2\/posts"}],"about":[{"href":"https:\/\/riuraueditors.cat\/blog\/index.php?rest_route=\/wp\/v2\/types\/post"}],"author":[{"embeddable":true,"href":"https:\/\/riuraueditors.cat\/blog\/index.php?rest_route=\/wp\/v2\/users\/1"}],"replies":[{"embeddable":true,"href":"https:\/\/riuraueditors.cat\/blog\/index.php?rest_route=%2Fwp%2Fv2%2Fcomments&post=857"}],"version-history":[{"count":10,"href":"https:\/\/riuraueditors.cat\/blog\/index.php?rest_route=\/wp\/v2\/posts\/857\/revisions"}],"predecessor-version":[{"id":865,"href":"https:\/\/riuraueditors.cat\/blog\/index.php?rest_route=\/wp\/v2\/posts\/857\/revisions\/865"}],"wp:attachment":[{"href":"https:\/\/riuraueditors.cat\/blog\/index.php?rest_route=%2Fwp%2Fv2%2Fmedia&parent=857"}],"wp:term":[{"taxonomy":"category","embeddable":true,"href":"https:\/\/riuraueditors.cat\/blog\/index.php?rest_route=%2Fwp%2Fv2%2Fcategories&post=857"},{"taxonomy":"post_tag","embeddable":true,"href":"https:\/\/riuraueditors.cat\/blog\/index.php?rest_route=%2Fwp%2Fv2%2Ftags&post=857"}],"curies":[{"name":"wp","href":"https:\/\/api.w.org\/{rel}","templated":true}]}}