{"id":930,"date":"2011-02-28T22:28:00","date_gmt":"2011-02-28T21:28:00","guid":{"rendered":"http:\/\/riuraueditors.cat\/blog\/?p=930"},"modified":"2011-02-28T22:28:00","modified_gmt":"2011-02-28T21:28:00","slug":"vicent-minguet-sobre-so-i-silenci","status":"publish","type":"post","link":"https:\/\/riuraueditors.cat\/blog\/?p=930","title":{"rendered":"Vicent Minguet sobre &#8216;So i silenci&#8217;"},"content":{"rendered":"<p>(Text de Vicent Minguet publicat a la revista <a href=\"http:\/\/www.sonograma.org\/suplement-de-llibres\/so-i-silenci\/\">Sonograma<\/a> el 28 de febrer del 2011.)<\/p>\n<p>El nou llibre de Guillem Calaforra,\u00a0<em><a href=\"https:\/\/riuraueditors.cat\/llibres\/so-i-silenci-9788493703790.html\">So i silenci<\/a><\/em>, \u00e9s un recull d&#8217;assaigs sobre m\u00fasica cl\u00e0ssica on l&#8217;autor ens demostra que encara es poden dir moltes coses sobre les particularitats de l&#8217;experi\u00e8ncia musical, no nom\u00e9s amb sentit\u00a0sin\u00f3\u00a0amb un valor literari i art\u00edstic certament remarcable. Calaforra va m\u00e9s enll\u00e0 de l&#8217;eterna discussi\u00f3 al voltant de la possibilitat d&#8217;una expressi\u00f3 racional sobre l&#8217;experi\u00e8ncia est\u00e8tica musical i ens presenta un compendi d&#8217;assaigs sobre els temes m\u00e9s diversos: des de l&#8217;enfrontament de posicions argumentades entre partidaris dels antics i dels moderns en un exercici espl\u00e8ndid de dial\u00e8ctica, fins a una sorprenent revisi\u00f3 cr\u00edtica de la discografia -parlem aqu\u00ed de m\u00e9s d&#8217;una vintena de versions- d&#8217;un dels pinacles del repertori\u00a0<em>bruckneri\u00e0<\/em>: la novena simfonia, obra que el compositor austr\u00edac va comen\u00e7ar a escriure l&#8217;estiu del 1887 i que va deixar inacabada en el moment de la seva mort, el 1896.<br \/>\nLa diversitat dels continguts que hi trobarem en aquests assaigs ens permetr\u00e0, a m\u00e9s a m\u00e9s, introduir-nos en els universos personals de genis poc freq\u00fcentats als repertoris de les grans sales, com ara Allan Petersson o Karl Amadeus Hartmann, sense deixar de banda una breu incursi\u00f3 en el terreny de la filosofia de la m\u00e0 d&#8217;una lectura cr\u00edtica de la producci\u00f3 musical i te\u00f2rica de l&#8217;alemany Theodor W. Adorno.<br \/>\nPer altra banda, i com ja avan\u00e7\u00e0vem, al llarg del llibre hi trobarem un esment constant a les varietats de l&#8217;experi\u00e8ncia musical, sota la perspectiva de l&#8217;oient, el compositor i l&#8217;int\u00e8rpret, aix\u00ed com una aproximaci\u00f3 anal\u00edtica apassionada de les obres m\u00e9s diverses (Beethoven, Arriaga, Loewe, Smetana), no exempta aquesta \u00faltima d&#8217;una bona dosi pertinent d&#8217;exemples musicals reveladors.<br \/>\nEs tracta una literatura no nom\u00e9s per a mel\u00f2mans sin\u00f3 per a tots aquells que freq\u00fcenten d&#8217;una manera o d&#8217;una altra els frondosos territoris de la m\u00fasica culta occidental: des de professionals de tot tipus, els quals trobaran aqu\u00ed un apropament cr\u00edtic agut i suggeridor, fins a l&#8217;aficionat com\u00fa interessat en la mat\u00e8ria. Una publicaci\u00f3 excel\u00b7lent que ens arriba de la m\u00e0 de l&#8217;editorial catalana Riurau, en una encertada aposta per la literatura assag\u00edstica de tem\u00e0tica musical.<\/p>\n","protected":false},"excerpt":{"rendered":"<p>(Text de Vicent Minguet publicat a la revista Sonograma el 28 de febrer del 2011.) El nou llibre de Guillem Calaforra,\u00a0So i silenci, \u00e9s un recull d&#8217;assaigs sobre m\u00fasica cl\u00e0ssica on l&#8217;autor ens demostra que encara es poden dir moltes coses sobre les particularitats de l&#8217;experi\u00e8ncia musical, no nom\u00e9s amb sentit\u00a0sin\u00f3\u00a0amb un valor literari i &hellip; <a href=\"https:\/\/riuraueditors.cat\/blog\/?p=930\" class=\"more-link\">Continua la lectura de <span class=\"screen-reader-text\">Vicent Minguet sobre &#8216;So i silenci&#8217;<\/span><\/a><\/p>\n","protected":false},"author":1,"featured_media":0,"comment_status":"closed","ping_status":"closed","sticky":false,"template":"","format":"standard","meta":{"footnotes":""},"categories":[28],"tags":[74,104,115,114],"class_list":["post-930","post","type-post","status-publish","format-standard","hentry","category-ressenyes","tag-guillem-calaforra","tag-so-i-silenci","tag-sonograma","tag-vicent-minguet"],"_links":{"self":[{"href":"https:\/\/riuraueditors.cat\/blog\/index.php?rest_route=\/wp\/v2\/posts\/930","targetHints":{"allow":["GET"]}}],"collection":[{"href":"https:\/\/riuraueditors.cat\/blog\/index.php?rest_route=\/wp\/v2\/posts"}],"about":[{"href":"https:\/\/riuraueditors.cat\/blog\/index.php?rest_route=\/wp\/v2\/types\/post"}],"author":[{"embeddable":true,"href":"https:\/\/riuraueditors.cat\/blog\/index.php?rest_route=\/wp\/v2\/users\/1"}],"replies":[{"embeddable":true,"href":"https:\/\/riuraueditors.cat\/blog\/index.php?rest_route=%2Fwp%2Fv2%2Fcomments&post=930"}],"version-history":[{"count":4,"href":"https:\/\/riuraueditors.cat\/blog\/index.php?rest_route=\/wp\/v2\/posts\/930\/revisions"}],"predecessor-version":[{"id":934,"href":"https:\/\/riuraueditors.cat\/blog\/index.php?rest_route=\/wp\/v2\/posts\/930\/revisions\/934"}],"wp:attachment":[{"href":"https:\/\/riuraueditors.cat\/blog\/index.php?rest_route=%2Fwp%2Fv2%2Fmedia&parent=930"}],"wp:term":[{"taxonomy":"category","embeddable":true,"href":"https:\/\/riuraueditors.cat\/blog\/index.php?rest_route=%2Fwp%2Fv2%2Fcategories&post=930"},{"taxonomy":"post_tag","embeddable":true,"href":"https:\/\/riuraueditors.cat\/blog\/index.php?rest_route=%2Fwp%2Fv2%2Ftags&post=930"}],"curies":[{"name":"wp","href":"https:\/\/api.w.org\/{rel}","templated":true}]}}